
{"id":7701,"date":"2020-08-29T16:13:15","date_gmt":"2020-08-29T14:13:15","guid":{"rendered":"https:\/\/www.uniquole.nl\/concept-koning-willem-i-tentoonstelling\/"},"modified":"2022-09-05T07:44:31","modified_gmt":"2022-09-05T05:44:31","slug":"concept-koning-willem-i-tentoonstelling","status":"publish","type":"post","link":"https:\/\/www.uniquole.nl\/de\/concept-koning-willem-i-tentoonstelling\/","title":{"rendered":"auftraggeber: stadt fulda"},"content":{"rendered":"<p>prunk und pracht! barocke schlosss\u00e4le mit gewaltigen kronleuchtern, geschichten \u00fcber k\u00f6nige und k\u00f6niginnen, prinzen und prinzessinnen, k\u00f6nigliches tafelgeschirr und f\u00fcrstliche juwelen befl\u00fcgeln unsere fantasie. das alles ist im deutschen fulda im sommer 2022 in einer spektakul\u00e4ren ausstellung \u00fcber das haus oranien-nassau zu sehen.<\/p>\n<p>anlass ist der 250. geburtstag von k\u00f6nig wilhelm I. (1772-1843). nur wenigen ist bekannt, dass der oranierprinz, bevor er der erste k\u00f6nig der niederlande wurde, von 1802 bis 1806 \u00fcber das deutsche f\u00fcrstentum nassau-oranien-fulda herrschte. f\u00fcr den ersten k\u00f6nig der niederlande begann alles in fulda!<\/p>\n<p>&nbsp;<\/p>\n<p><a href=\"http:\/\/www.fulda2022.de\">www.fulda2022.de<\/a><\/p>\n<p>&nbsp;<\/p>\n<p><em>foto: christian tech<\/em><\/p>\n","protected":false},"excerpt":{"rendered":"<p>prunk und pracht! barocke schlosss\u00e4le mit gewaltigen kronleuchtern, geschichten \u00fcber k\u00f6nige und k\u00f6niginnen, prinzen und prinzessinnen, k\u00f6nigliches tafelgeschirr und f\u00fcrstliche juwelen befl\u00fcgeln unsere fantasie. das alles ist im deutschen fulda im sommer 2022 in einer spektakul\u00e4ren ausstellung \u00fcber das haus oranien-nassau zu sehen. anlass ist der 250. geburtstag von k\u00f6nig wilhelm I. (1772-1843). nur wenigen [&hellip;]<\/p>\n","protected":false},"author":1,"featured_media":7276,"comment_status":"closed","ping_status":"closed","sticky":false,"template":"","format":"standard","meta":{"_acf_changed":false,"footnotes":""},"categories":[47],"tags":[],"class_list":["post-7701","post","type-post","status-publish","format-standard","has-post-thumbnail","hentry","category-fachkundige-konigliche-ausstellungen"],"acf":[],"_links":{"self":[{"href":"https:\/\/www.uniquole.nl\/de\/wp-json\/wp\/v2\/posts\/7701","targetHints":{"allow":["GET"]}}],"collection":[{"href":"https:\/\/www.uniquole.nl\/de\/wp-json\/wp\/v2\/posts"}],"about":[{"href":"https:\/\/www.uniquole.nl\/de\/wp-json\/wp\/v2\/types\/post"}],"author":[{"embeddable":true,"href":"https:\/\/www.uniquole.nl\/de\/wp-json\/wp\/v2\/users\/1"}],"replies":[{"embeddable":true,"href":"https:\/\/www.uniquole.nl\/de\/wp-json\/wp\/v2\/comments?post=7701"}],"version-history":[{"count":6,"href":"https:\/\/www.uniquole.nl\/de\/wp-json\/wp\/v2\/posts\/7701\/revisions"}],"predecessor-version":[{"id":8454,"href":"https:\/\/www.uniquole.nl\/de\/wp-json\/wp\/v2\/posts\/7701\/revisions\/8454"}],"wp:featuredmedia":[{"embeddable":true,"href":"https:\/\/www.uniquole.nl\/de\/wp-json\/wp\/v2\/media\/7276"}],"wp:attachment":[{"href":"https:\/\/www.uniquole.nl\/de\/wp-json\/wp\/v2\/media?parent=7701"}],"wp:term":[{"taxonomy":"category","embeddable":true,"href":"https:\/\/www.uniquole.nl\/de\/wp-json\/wp\/v2\/categories?post=7701"},{"taxonomy":"post_tag","embeddable":true,"href":"https:\/\/www.uniquole.nl\/de\/wp-json\/wp\/v2\/tags?post=7701"}],"curies":[{"name":"wp","href":"https:\/\/api.w.org\/{rel}","templated":true}]}}